{"id":2065,"date":"2021-10-27T09:05:03","date_gmt":"2021-10-27T12:05:03","guid":{"rendered":"https:\/\/cecat.com.ar\/?p=2065"},"modified":"2021-10-27T09:05:03","modified_gmt":"2021-10-27T12:05:03","slug":"capacitaciones-a-guias-muestra-prisioneros-de-la-ciencia","status":"publish","type":"post","link":"https:\/\/cecat.com.ar\/?p=2065","title":{"rendered":"Capacitaciones a Gu\u00edas Muestra &#8220;Prisioneros de la Ciencia&#8221;"},"content":{"rendered":"<div class=\"du4w35lb k4urcfbm l9j0dhe7 sjgh65i0\">\n<div class=\"du4w35lb l9j0dhe7\">\n<div class=\"\">\n<div class=\"\">\n<div class=\"lzcic4wl\" role=\"article\" aria-posinset=\"15\" aria-describedby=\"jsc_c_3cr jsc_c_3cs jsc_c_3ct jsc_c_3cv jsc_c_3cu\" aria-labelledby=\"jsc_c_3cq\">\n<div class=\"j83agx80 cbu4d94t\">\n<div class=\"rq0escxv l9j0dhe7 du4w35lb\">\n<div class=\"j83agx80 l9j0dhe7 k4urcfbm\">\n<div class=\"rq0escxv l9j0dhe7 du4w35lb hybvsw6c io0zqebd m5lcvass fbipl8qg nwvqtn77 k4urcfbm ni8dbmo4 stjgntxs sbcfpzgs\">\n<div>\n<div class=\"cwj9ozl2 qbxu24ho bxzzcbxg lxuwth05 h2mp5456 ue3kfks5 pw54ja7n uo3d90p7 l82x9zwi goun2846 ccm00jje s44p3ltw mk2mc5f4 frvqaej8 ed0hlay0 afxsp9o4 jcgfde61 tvfksri0 ozuftl9m\">\n<div class=\"\">\n<div class=\"hqeojc4l\">\n<div class=\"\" dir=\"auto\">\n<div class=\"\" dir=\"auto\">\n<div class=\"ecm0bbzt hv4rvrfc ihqw7lf3 dati1w0a\" data-ad-comet-preview=\"message\" data-ad-preview=\"message\">\n<div class=\"j83agx80 cbu4d94t ew0dbk1b irj2b8pg\">\n<div class=\"qzhwtbm6 knvmm38d\">\n<div class=\"kvgmc6g5 cxmmr5t8 oygrvhab hcukyx3x c1et5uql ii04i59q\">\n<div dir=\"auto\"><\/div>\n<\/div>\n<div class=\"o9v6fnle cxmmr5t8 oygrvhab hcukyx3x c1et5uql ii04i59q\">\n<div dir=\"auto\">Hoy es un d\u00eda de gran importancia para nosotros.. luego de montar una gran muestra virtual en el 2020, estamos desarrollando las capacitaciones de la Muestra presencial &#8220;Prisioneros de la Ciencia&#8221;. La misma quedar\u00e1 inaugurada desde el 25 de octubre y abierta al p\u00fablico hasta el 8 de noviembre.<\/div>\n<\/div>\n<div class=\"o9v6fnle cxmmr5t8 oygrvhab hcukyx3x c1et5uql ii04i59q\">\n<div dir=\"auto\">La propuesta es organizada por la Direcci\u00f3n de Derechos Humanos de la Municipalidad de Concepci\u00f3n del Uruguay, el Programa de Interculturalidad y Pueblos Originarios de la UADER, el Centro de Capacitaci\u00f3n Tur\u00edstica (CECAT), el Instituto Nacional de Asuntos Ind\u00edgenas y la Secretar\u00eda de Cultura.<\/div>\n<\/div>\n<div class=\"o9v6fnle cxmmr5t8 oygrvhab hcukyx3x c1et5uql ii04i59q\">\n<div dir=\"auto\">Sobre la Muestra<\/div>\n<div dir=\"auto\">La muestra recorre la historia de hombres, mujeres y ni\u00f1os pertenecientes a pueblos originarios apresados y exhibidos en el Museo de Ciencias Naturales de la Plata. Esta exhibici\u00f3n da cuenta del destino que tuvieron el Cacique Inacayal y su familia, quienes mueren como prisioneros en el museo; su primo el Cacique Foyel con igual destino. Tambi\u00e9n la historia de los pueblos originarios de Tierra del Fuego cuyos cuerpos se encuentran entre las \u201ccolecciones\u201d del Museo, como el caso de Maish Kensis.<\/div>\n<div dir=\"auto\"><a class=\"oajrlxb2 g5ia77u1 qu0x051f esr5mh6w e9989ue4 r7d6kgcz rq0escxv nhd2j8a9 nc684nl6 p7hjln8o kvgmc6g5 cxmmr5t8 oygrvhab hcukyx3x jb3vyjys rz4wbd8a qt6c0cv9 a8nywdso i1ao9s8h esuyzwwr f1sip0of lzcic4wl q66pz984 gpro0wi8 b1v8xokw\" tabindex=\"0\" role=\"link\" href=\"https:\/\/www.facebook.com\/dario.baron.37?__cft__[0]=AZWT3X3kamz6VbW_LFJzqPvN422xM7KqjqMAf7MUBjcXBGtxxYVmZkckG7sGl7rPo4pZwt7zxL0QkhIi2vnTxMKNi9pukwnfAzq-fIcja0tIfICtN8FAT_IuLBby-lMHniCUxIEXiBOG2GMiS31wHJu2cfjv6rA8-5HMiqitemNvsq8Is27xEJwBIU1bUghb4qQ_5Luiou9Ur9j1yJ3wl5mZ&amp;__tn__=-]K-y-R\"><span class=\"nc684nl6\">Dar\u00edo Baron<\/span><\/a>, <a class=\"oajrlxb2 g5ia77u1 qu0x051f esr5mh6w e9989ue4 r7d6kgcz rq0escxv nhd2j8a9 nc684nl6 p7hjln8o kvgmc6g5 cxmmr5t8 oygrvhab hcukyx3x jb3vyjys rz4wbd8a qt6c0cv9 a8nywdso i1ao9s8h esuyzwwr f1sip0of lzcic4wl q66pz984 gpro0wi8 b1v8xokw\" tabindex=\"0\" role=\"link\" href=\"https:\/\/www.facebook.com\/lu.schvartzman?__cft__[0]=AZWT3X3kamz6VbW_LFJzqPvN422xM7KqjqMAf7MUBjcXBGtxxYVmZkckG7sGl7rPo4pZwt7zxL0QkhIi2vnTxMKNi9pukwnfAzq-fIcja0tIfICtN8FAT_IuLBby-lMHniCUxIEXiBOG2GMiS31wHJu2cfjv6rA8-5HMiqitemNvsq8Is27xEJwBIU1bUghb4qQ_5Luiou9Ur9j1yJ3wl5mZ&amp;__tn__=-]K-y-R\"><span class=\"nc684nl6\">Luc\u00eda Schvartzman<\/span><\/a> , <a class=\"oajrlxb2 g5ia77u1 qu0x051f esr5mh6w e9989ue4 r7d6kgcz rq0escxv nhd2j8a9 nc684nl6 p7hjln8o kvgmc6g5 cxmmr5t8 oygrvhab hcukyx3x jb3vyjys rz4wbd8a qt6c0cv9 a8nywdso i1ao9s8h esuyzwwr f1sip0of lzcic4wl q66pz984 gpro0wi8 b1v8xokw\" tabindex=\"0\" role=\"link\" href=\"https:\/\/www.facebook.com\/leo.lescano.58?__cft__[0]=AZWT3X3kamz6VbW_LFJzqPvN422xM7KqjqMAf7MUBjcXBGtxxYVmZkckG7sGl7rPo4pZwt7zxL0QkhIi2vnTxMKNi9pukwnfAzq-fIcja0tIfICtN8FAT_IuLBby-lMHniCUxIEXiBOG2GMiS31wHJu2cfjv6rA8-5HMiqitemNvsq8Is27xEJwBIU1bUghb4qQ_5Luiou9Ur9j1yJ3wl5mZ&amp;__tn__=-]K-y-R\"><span class=\"nc684nl6\">Leo Lescano<\/span><\/a> , <a class=\"oajrlxb2 g5ia77u1 qu0x051f esr5mh6w e9989ue4 r7d6kgcz rq0escxv nhd2j8a9 nc684nl6 p7hjln8o kvgmc6g5 cxmmr5t8 oygrvhab hcukyx3x jb3vyjys rz4wbd8a qt6c0cv9 a8nywdso i1ao9s8h esuyzwwr f1sip0of lzcic4wl q66pz984 gpro0wi8 b1v8xokw\" tabindex=\"0\" role=\"link\" href=\"https:\/\/www.facebook.com\/CulturaEntreRios\/?__cft__[0]=AZWT3X3kamz6VbW_LFJzqPvN422xM7KqjqMAf7MUBjcXBGtxxYVmZkckG7sGl7rPo4pZwt7zxL0QkhIi2vnTxMKNi9pukwnfAzq-fIcja0tIfICtN8FAT_IuLBby-lMHniCUxIEXiBOG2GMiS31wHJu2cfjv6rA8-5HMiqitemNvsq8Is27xEJwBIU1bUghb4qQ_5Luiou9Ur9j1yJ3wl5mZ&amp;__tn__=kK-y-R\"><span class=\"nc684nl6\">Cultura Entre R\u00edos<\/span><\/a> , <a class=\"oajrlxb2 g5ia77u1 qu0x051f esr5mh6w e9989ue4 r7d6kgcz rq0escxv nhd2j8a9 nc684nl6 p7hjln8o kvgmc6g5 cxmmr5t8 oygrvhab hcukyx3x jb3vyjys rz4wbd8a qt6c0cv9 a8nywdso i1ao9s8h esuyzwwr f1sip0of lzcic4wl q66pz984 gpro0wi8 b1v8xokw\" tabindex=\"0\" role=\"link\" href=\"https:\/\/www.facebook.com\/francisca.dagostino?__cft__[0]=AZWT3X3kamz6VbW_LFJzqPvN422xM7KqjqMAf7MUBjcXBGtxxYVmZkckG7sGl7rPo4pZwt7zxL0QkhIi2vnTxMKNi9pukwnfAzq-fIcja0tIfICtN8FAT_IuLBby-lMHniCUxIEXiBOG2GMiS31wHJu2cfjv6rA8-5HMiqitemNvsq8Is27xEJwBIU1bUghb4qQ_5Luiou9Ur9j1yJ3wl5mZ&amp;__tn__=-]K-y-R\"><span class=\"nc684nl6\">Francisca D&#8217;Agostino<\/span><\/a><\/div>\n<\/div>\n<\/div>\n<\/div>\n<\/div>\n<\/div>\n<\/div>\n<\/div>\n<\/div>\n<\/div>\n<\/div>\n<div class=\"ecm0bbzt aglmviwh dati1w0a ihqw7lf3 def1xbws mkjtxrlb o9f14d3k hqeojc4l i1fnvgqd lhclo0ds btwxx1t3 j83agx80 l6v480f0 s1tcr66n bq4bzpyk\">\n<div class=\"oajrlxb2 g5ia77u1 qu0x051f esr5mh6w e9989ue4 r7d6kgcz rq0escxv nhd2j8a9 nc684nl6 p7hjln8o kvgmc6g5 cxmmr5t8 oygrvhab hcukyx3x jb3vyjys rz4wbd8a qt6c0cv9 a8nywdso i1ao9s8h esuyzwwr f1sip0of lzcic4wl n00je7tq arfg74bv qs9ysxi8 k77z8yql l9j0dhe7 abiwlrkh p8dawk7l\" tabindex=\"0\" role=\"button\">\n<div class=\"n8tt0mok n1l5q3vz\">\n<div class=\"j83agx80 cbu4d94t ew0dbk1b irj2b8pg\"><\/div>\n<\/div>\n<\/div>\n<\/div>\n<\/div>\n<\/div>\n<\/div>\n<\/div>\n<\/div>\n<\/div>\n<\/div>\n<\/div>\n<\/div>\n<div class=\"du4w35lb k4urcfbm l9j0dhe7 sjgh65i0\">\n<div class=\"du4w35lb l9j0dhe7\">\n<div class=\"\">\n<div class=\"\">\n<div class=\"lzcic4wl\" role=\"article\" aria-posinset=\"16\" aria-describedby=\"jsc_c_3dc jsc_c_3dd jsc_c_3de jsc_c_3dg jsc_c_3df\" aria-labelledby=\"jsc_c_3db\">\n<div class=\"j83agx80 cbu4d94t\">\n<div class=\"rq0escxv l9j0dhe7 du4w35lb\">\n<div class=\"j83agx80 l9j0dhe7 k4urcfbm\">\n<div class=\"rq0escxv l9j0dhe7 du4w35lb hybvsw6c io0zqebd m5lcvass fbipl8qg nwvqtn77 k4urcfbm ni8dbmo4 stjgntxs sbcfpzgs\">\n<div>\n<div>\n<div class=\"pybr56ya dati1w0a hv4rvrfc n851cfcs btwxx1t3 j83agx80 ll8tlv6m\">\n<div class=\"oi9244e8 do00u71z j83agx80\">\n<div class=\"q676j6op qypqp5cg\"><\/div>\n<\/div>\n<\/div>\n<\/div>\n<\/div>\n<\/div>\n<\/div>\n<\/div>\n<\/div>\n<\/div>\n<\/div>\n<\/div>\n<\/div>\n<\/div>\n","protected":false},"excerpt":{"rendered":"<p>Hoy es un d\u00eda de gran importancia para nosotros.. luego de montar una gran muestra virtual en el 2020, estamos desarrollando las capacitaciones de la Muestra presencial &#8220;Prisioneros de la Ciencia&#8221;. La misma quedar\u00e1 inaugurada desde el 25 de octubre y abierta al p\u00fablico hasta el 8 de noviembre. La propuesta es organizada por la [&hellip;]<\/p>\n","protected":false},"author":2,"featured_media":2066,"comment_status":"closed","ping_status":"open","sticky":false,"template":"","format":"standard","meta":{"_et_pb_use_builder":"","_et_pb_old_content":"","_et_gb_content_width":""},"categories":[8],"tags":[],"_links":{"self":[{"href":"https:\/\/cecat.com.ar\/index.php?rest_route=\/wp\/v2\/posts\/2065"}],"collection":[{"href":"https:\/\/cecat.com.ar\/index.php?rest_route=\/wp\/v2\/posts"}],"about":[{"href":"https:\/\/cecat.com.ar\/index.php?rest_route=\/wp\/v2\/types\/post"}],"author":[{"embeddable":true,"href":"https:\/\/cecat.com.ar\/index.php?rest_route=\/wp\/v2\/users\/2"}],"replies":[{"embeddable":true,"href":"https:\/\/cecat.com.ar\/index.php?rest_route=%2Fwp%2Fv2%2Fcomments&post=2065"}],"version-history":[{"count":1,"href":"https:\/\/cecat.com.ar\/index.php?rest_route=\/wp\/v2\/posts\/2065\/revisions"}],"predecessor-version":[{"id":2067,"href":"https:\/\/cecat.com.ar\/index.php?rest_route=\/wp\/v2\/posts\/2065\/revisions\/2067"}],"wp:featuredmedia":[{"embeddable":true,"href":"https:\/\/cecat.com.ar\/index.php?rest_route=\/wp\/v2\/media\/2066"}],"wp:attachment":[{"href":"https:\/\/cecat.com.ar\/index.php?rest_route=%2Fwp%2Fv2%2Fmedia&parent=2065"}],"wp:term":[{"taxonomy":"category","embeddable":true,"href":"https:\/\/cecat.com.ar\/index.php?rest_route=%2Fwp%2Fv2%2Fcategories&post=2065"},{"taxonomy":"post_tag","embeddable":true,"href":"https:\/\/cecat.com.ar\/index.php?rest_route=%2Fwp%2Fv2%2Ftags&post=2065"}],"curies":[{"name":"wp","href":"https:\/\/api.w.org\/{rel}","templated":true}]}}