{"id":2040,"date":"2021-10-07T10:49:44","date_gmt":"2021-10-07T13:49:44","guid":{"rendered":"https:\/\/cecat.com.ar\/?p=2040"},"modified":"2021-10-07T10:49:44","modified_gmt":"2021-10-07T13:49:44","slug":"infancias-una-mirada-desde-y-hacia-los-centros-municipales-de-desarrollo-de-la-ninez","status":"publish","type":"post","link":"https:\/\/cecat.com.ar\/?p=2040","title":{"rendered":"\u201cInfancias: una mirada desde y hacia los centros municipales de desarrollo de la ni\u00f1ez\u201d"},"content":{"rendered":"<div dir=\"auto\">En el d\u00eda de ayer, tuvimos el tercer encuentro del curso destinado a personal no docente de los centros de desarrollo de la ni\u00f1ez denominado \u201cInfancias: una mirada desde y hacia los centros municipales de desarrollo de la ni\u00f1ez\u201d, proyecto del Instituto Carolina Tobar Garc\u00eda, Direcci\u00f3n de educaci\u00f3n y Secretaria de desarrollo social y educaci\u00f3n de la municipalidad de Concepci\u00f3n del Uruguay.-<\/div>\n<div dir=\"auto\">Este curso se realizar\u00e1 en cinco encuentros los cuales comenzaron en el mes de septiembre, finalizando en el mes de octubre.-<\/div>\n","protected":false},"excerpt":{"rendered":"<p>En el d\u00eda de ayer, tuvimos el tercer encuentro del curso destinado a personal no docente de los centros de desarrollo de la ni\u00f1ez denominado \u201cInfancias: una mirada desde y hacia los centros municipales de desarrollo de la ni\u00f1ez\u201d, proyecto del Instituto Carolina Tobar Garc\u00eda, Direcci\u00f3n de educaci\u00f3n y Secretaria de desarrollo social y educaci\u00f3n [&hellip;]<\/p>\n","protected":false},"author":2,"featured_media":2041,"comment_status":"closed","ping_status":"open","sticky":false,"template":"","format":"standard","meta":{"_et_pb_use_builder":"","_et_pb_old_content":"","_et_gb_content_width":""},"categories":[8],"tags":[],"_links":{"self":[{"href":"https:\/\/cecat.com.ar\/index.php?rest_route=\/wp\/v2\/posts\/2040"}],"collection":[{"href":"https:\/\/cecat.com.ar\/index.php?rest_route=\/wp\/v2\/posts"}],"about":[{"href":"https:\/\/cecat.com.ar\/index.php?rest_route=\/wp\/v2\/types\/post"}],"author":[{"embeddable":true,"href":"https:\/\/cecat.com.ar\/index.php?rest_route=\/wp\/v2\/users\/2"}],"replies":[{"embeddable":true,"href":"https:\/\/cecat.com.ar\/index.php?rest_route=%2Fwp%2Fv2%2Fcomments&post=2040"}],"version-history":[{"count":1,"href":"https:\/\/cecat.com.ar\/index.php?rest_route=\/wp\/v2\/posts\/2040\/revisions"}],"predecessor-version":[{"id":2042,"href":"https:\/\/cecat.com.ar\/index.php?rest_route=\/wp\/v2\/posts\/2040\/revisions\/2042"}],"wp:featuredmedia":[{"embeddable":true,"href":"https:\/\/cecat.com.ar\/index.php?rest_route=\/wp\/v2\/media\/2041"}],"wp:attachment":[{"href":"https:\/\/cecat.com.ar\/index.php?rest_route=%2Fwp%2Fv2%2Fmedia&parent=2040"}],"wp:term":[{"taxonomy":"category","embeddable":true,"href":"https:\/\/cecat.com.ar\/index.php?rest_route=%2Fwp%2Fv2%2Fcategories&post=2040"},{"taxonomy":"post_tag","embeddable":true,"href":"https:\/\/cecat.com.ar\/index.php?rest_route=%2Fwp%2Fv2%2Ftags&post=2040"}],"curies":[{"name":"wp","href":"https:\/\/api.w.org\/{rel}","templated":true}]}}