{"id":2034,"date":"2021-10-06T11:13:34","date_gmt":"2021-10-06T14:13:34","guid":{"rendered":"https:\/\/cecat.com.ar\/?p=2034"},"modified":"2021-10-06T11:13:34","modified_gmt":"2021-10-06T14:13:34","slug":"capacitacion-carnaval","status":"publish","type":"post","link":"https:\/\/cecat.com.ar\/?p=2034","title":{"rendered":"Capacitaci\u00f3n carnaval"},"content":{"rendered":"<div dir=\"auto\">Los d\u00edas 2 y 3 de octubre se llev\u00f3 a cabo \u201cCapacitate carnaval\u201d La Comisi\u00f3n de Carnaval de Concepci\u00f3n del Uruguay, organiz\u00f3 jornadas de talleres, para enriquecer conocimientos que se llevan a cabo en cada comparsa para lograr ponerlas en escena; Se desarrollaron talleres de Herrer\u00eda Fina, carros aleg\u00f3ricos, taller de Marketing y Organizaci\u00f3n de grandes eventos, talleres de maquillaje, percusi\u00f3n y samba. Talleres que fueron dictados por profesionales en la materia que recorren el pa\u00eds compartiendo sus conocimientos.<\/div>\n<div dir=\"auto\">Se hicieron presentes en estas jornadas, personas de la cuidad local Concepci\u00f3n del Uruguay, Col\u00f3n<\/div>\n<div dir=\"auto\">San Jos\u00e9, Rosario del Tala, Colonia Elia, Caseros y San justo.<\/div>\n<div dir=\"auto\"><\/div>\n<div dir=\"auto\"><img loading=\"lazy\" class=\"alignright size-medium wp-image-2036\" src=\"https:\/\/cecat.com.ar\/wp-content\/uploads\/2021\/10\/244401025_1048509322646204_7191537767068515719_n-300x225.jpg\" alt=\"\" width=\"300\" height=\"225\" \/> <img loading=\"lazy\" class=\"alignright size-medium wp-image-2037\" src=\"https:\/\/cecat.com.ar\/wp-content\/uploads\/2021\/10\/244460434_1048509369312866_1828215902033451645_n-300x225.jpg\" alt=\"\" width=\"300\" height=\"225\" \/> <img loading=\"lazy\" class=\"alignright size-medium wp-image-2038\" src=\"https:\/\/cecat.com.ar\/wp-content\/uploads\/2021\/10\/244498810_1048509952646141_4492604781382002533_n-300x169.jpg\" alt=\"\" width=\"300\" height=\"169\" \/><\/div>\n","protected":false},"excerpt":{"rendered":"<p>Los d\u00edas 2 y 3 de octubre se llev\u00f3 a cabo \u201cCapacitate carnaval\u201d La Comisi\u00f3n de Carnaval de Concepci\u00f3n del Uruguay, organiz\u00f3 jornadas de talleres, para enriquecer conocimientos que se llevan a cabo en cada comparsa para lograr ponerlas en escena; Se desarrollaron talleres de Herrer\u00eda Fina, carros aleg\u00f3ricos, taller de Marketing y Organizaci\u00f3n de [&hellip;]<\/p>\n","protected":false},"author":2,"featured_media":2035,"comment_status":"closed","ping_status":"open","sticky":false,"template":"","format":"standard","meta":{"_et_pb_use_builder":"","_et_pb_old_content":"","_et_gb_content_width":""},"categories":[8],"tags":[],"_links":{"self":[{"href":"https:\/\/cecat.com.ar\/index.php?rest_route=\/wp\/v2\/posts\/2034"}],"collection":[{"href":"https:\/\/cecat.com.ar\/index.php?rest_route=\/wp\/v2\/posts"}],"about":[{"href":"https:\/\/cecat.com.ar\/index.php?rest_route=\/wp\/v2\/types\/post"}],"author":[{"embeddable":true,"href":"https:\/\/cecat.com.ar\/index.php?rest_route=\/wp\/v2\/users\/2"}],"replies":[{"embeddable":true,"href":"https:\/\/cecat.com.ar\/index.php?rest_route=%2Fwp%2Fv2%2Fcomments&post=2034"}],"version-history":[{"count":1,"href":"https:\/\/cecat.com.ar\/index.php?rest_route=\/wp\/v2\/posts\/2034\/revisions"}],"predecessor-version":[{"id":2039,"href":"https:\/\/cecat.com.ar\/index.php?rest_route=\/wp\/v2\/posts\/2034\/revisions\/2039"}],"wp:featuredmedia":[{"embeddable":true,"href":"https:\/\/cecat.com.ar\/index.php?rest_route=\/wp\/v2\/media\/2035"}],"wp:attachment":[{"href":"https:\/\/cecat.com.ar\/index.php?rest_route=%2Fwp%2Fv2%2Fmedia&parent=2034"}],"wp:term":[{"taxonomy":"category","embeddable":true,"href":"https:\/\/cecat.com.ar\/index.php?rest_route=%2Fwp%2Fv2%2Fcategories&post=2034"},{"taxonomy":"post_tag","embeddable":true,"href":"https:\/\/cecat.com.ar\/index.php?rest_route=%2Fwp%2Fv2%2Ftags&post=2034"}],"curies":[{"name":"wp","href":"https:\/\/api.w.org\/{rel}","templated":true}]}}