{"id":1986,"date":"2021-08-09T18:18:16","date_gmt":"2021-08-09T21:18:16","guid":{"rendered":"https:\/\/cecat.com.ar\/?p=1986"},"modified":"2021-08-09T18:18:16","modified_gmt":"2021-08-09T21:18:16","slug":"mesa-de-primera-infancia","status":"publish","type":"post","link":"https:\/\/cecat.com.ar\/?p=1986","title":{"rendered":"Mesa de Primera Infancia."},"content":{"rendered":"<div class=\"kvgmc6g5 cxmmr5t8 oygrvhab hcukyx3x c1et5uql ii04i59q\">\n<div dir=\"auto\">La Mesa de Primera Infancia puede mostrar acciones concretas.<\/div>\n<\/div>\n<div class=\"o9v6fnle cxmmr5t8 oygrvhab hcukyx3x c1et5uql ii04i59q\">\n<div dir=\"auto\">Asistieron representantes del municipio, como as\u00ed tambi\u00e9n de distintos \u00e1mbitos tales como Salud, Justicia y Educaci\u00f3n; avanzar con lo tendiente a mejorar la calidad de vida de la poblaci\u00f3n infantil uruguayense.<\/div>\n<\/div>\n<div class=\"o9v6fnle cxmmr5t8 oygrvhab hcukyx3x c1et5uql ii04i59q\">\n<div dir=\"auto\">y Gabriel atelman, consultor provincial de Mesas Locales de Primera Infancia; representando al Ministerio de Desarrollo Social de la provincia.<\/div>\n<\/div>\n","protected":false},"excerpt":{"rendered":"<p>La Mesa de Primera Infancia puede mostrar acciones concretas. Asistieron representantes del municipio, como as\u00ed tambi\u00e9n de distintos \u00e1mbitos tales como Salud, Justicia y Educaci\u00f3n; avanzar con lo tendiente a mejorar la calidad de vida de la poblaci\u00f3n infantil uruguayense. y Gabriel atelman, consultor provincial de Mesas Locales de Primera Infancia; representando al Ministerio de [&hellip;]<\/p>\n","protected":false},"author":2,"featured_media":1987,"comment_status":"closed","ping_status":"open","sticky":false,"template":"","format":"standard","meta":{"_et_pb_use_builder":"","_et_pb_old_content":"","_et_gb_content_width":""},"categories":[8],"tags":[],"_links":{"self":[{"href":"https:\/\/cecat.com.ar\/index.php?rest_route=\/wp\/v2\/posts\/1986"}],"collection":[{"href":"https:\/\/cecat.com.ar\/index.php?rest_route=\/wp\/v2\/posts"}],"about":[{"href":"https:\/\/cecat.com.ar\/index.php?rest_route=\/wp\/v2\/types\/post"}],"author":[{"embeddable":true,"href":"https:\/\/cecat.com.ar\/index.php?rest_route=\/wp\/v2\/users\/2"}],"replies":[{"embeddable":true,"href":"https:\/\/cecat.com.ar\/index.php?rest_route=%2Fwp%2Fv2%2Fcomments&post=1986"}],"version-history":[{"count":1,"href":"https:\/\/cecat.com.ar\/index.php?rest_route=\/wp\/v2\/posts\/1986\/revisions"}],"predecessor-version":[{"id":1988,"href":"https:\/\/cecat.com.ar\/index.php?rest_route=\/wp\/v2\/posts\/1986\/revisions\/1988"}],"wp:featuredmedia":[{"embeddable":true,"href":"https:\/\/cecat.com.ar\/index.php?rest_route=\/wp\/v2\/media\/1987"}],"wp:attachment":[{"href":"https:\/\/cecat.com.ar\/index.php?rest_route=%2Fwp%2Fv2%2Fmedia&parent=1986"}],"wp:term":[{"taxonomy":"category","embeddable":true,"href":"https:\/\/cecat.com.ar\/index.php?rest_route=%2Fwp%2Fv2%2Fcategories&post=1986"},{"taxonomy":"post_tag","embeddable":true,"href":"https:\/\/cecat.com.ar\/index.php?rest_route=%2Fwp%2Fv2%2Ftags&post=1986"}],"curies":[{"name":"wp","href":"https:\/\/api.w.org\/{rel}","templated":true}]}}