{"id":1561,"date":"2019-09-30T14:53:22","date_gmt":"2019-09-30T14:53:22","guid":{"rendered":"http:\/\/cecat.com.ar\/?p=1561"},"modified":"2019-10-02T15:06:16","modified_gmt":"2019-10-02T15:06:16","slug":"miguel-bonasso-diserto-en-el-cecat-con-la-charla-periodismo-poder-y-sociedad","status":"publish","type":"post","link":"https:\/\/cecat.com.ar\/?p=1561","title":{"rendered":"Miguel Bonasso disert\u00f3 en el #Cecat con la charla &#8220;Periodismo, Poder y Sociedad&#8221;"},"content":{"rendered":"<p>El pasado viernes 27 de septiembre tuvimos el honor de recibir en el Cecat al reconocido periodista, escritor y ex diputado Miguel Bonasso quien dict\u00f3 una charla sobre <strong>&#8220;Periodismo Poder y Sociedad&#8221;.<\/strong> Al evento concurrieron: el Intendente de Concepci\u00f3n del Uruguay, Jos\u00e9 Eduardo Lauritto; su vice y actual intendente electo, Mart\u00edn Oliva; el viceintendente electo, Ricardo Vales; el Director de Derechos Humanos, Dar\u00edo Bar\u00f3n; la directora de Turismo de Concepci\u00f3n, Mar\u00eda Laura Saad; un gran n\u00famero de periodistas y vecinos de Concepci\u00f3n del Uruguay.<\/p>\n<p>La charla tuvo una duraci\u00f3n de 2,15 hs aproximadamente, tiempo durante el cual #Bonasso expuso acerca de los modos en los que se vinculan el\u00a0<a class=\"_58cn\" href=\"https:\/\/www.facebook.com\/hashtag\/periodismo?source=feed_text&amp;epa=HASHTAG&amp;__xts__%5B0%5D=68.ARC0af8JtCrfV0-AjgbyKkAXGozJfMA_tB7pYT_nM7cfiDfQzvq2VhO4pSAB0YbeB4zrwR5xsJUp2Svs7hIn5KIV4DCll6pJKSvEgEFS4VJiIBaQbfxiLXwVBRg7bsQOSYQDgpvfDJvogZW4U2XSQv8GY0ehFHEtaFQRSUYIveFVBqntcTaWTkfOwE8dZPFg7v6wAMJ1eBtsj36ZsivWT_oGxCtn0iwiQWgGZ5SFeXN2hlAuf_1qSmYy9n5nfooGkQ08Hpi6mwnXFeu2miFrd1iMXRDpvZQKRSRnE-881jrGw02YhRxSJRvfsCg3sUhEtaHTtoqG7WB5P77hOU830VM&amp;__tn__=%2ANK-R\" data-ft=\"{&quot;type&quot;:104,&quot;tn&quot;:&quot;*N&quot;}\"><span class=\"_5afx\"><span class=\"_58cl _5afz\" aria-label=\"hashtag\">#<\/span><span class=\"_58cm\">Periodismo<\/span><\/span><\/a>, el\u00a0<a class=\"_58cn\" href=\"https:\/\/www.facebook.com\/hashtag\/poder?source=feed_text&amp;epa=HASHTAG&amp;__xts__%5B0%5D=68.ARC0af8JtCrfV0-AjgbyKkAXGozJfMA_tB7pYT_nM7cfiDfQzvq2VhO4pSAB0YbeB4zrwR5xsJUp2Svs7hIn5KIV4DCll6pJKSvEgEFS4VJiIBaQbfxiLXwVBRg7bsQOSYQDgpvfDJvogZW4U2XSQv8GY0ehFHEtaFQRSUYIveFVBqntcTaWTkfOwE8dZPFg7v6wAMJ1eBtsj36ZsivWT_oGxCtn0iwiQWgGZ5SFeXN2hlAuf_1qSmYy9n5nfooGkQ08Hpi6mwnXFeu2miFrd1iMXRDpvZQKRSRnE-881jrGw02YhRxSJRvfsCg3sUhEtaHTtoqG7WB5P77hOU830VM&amp;__tn__=%2ANK-R\" data-ft=\"{&quot;type&quot;:104,&quot;tn&quot;:&quot;*N&quot;}\"><span class=\"_5afx\"><span class=\"_58cl _5afz\" aria-label=\"hashtag\">#<\/span><span class=\"_58cm\">Poder<\/span><\/span><\/a>\u00a0y la\u00a0<a class=\"_58cn\" href=\"https:\/\/www.facebook.com\/hashtag\/sociedad?source=feed_text&amp;epa=HASHTAG&amp;__xts__%5B0%5D=68.ARC0af8JtCrfV0-AjgbyKkAXGozJfMA_tB7pYT_nM7cfiDfQzvq2VhO4pSAB0YbeB4zrwR5xsJUp2Svs7hIn5KIV4DCll6pJKSvEgEFS4VJiIBaQbfxiLXwVBRg7bsQOSYQDgpvfDJvogZW4U2XSQv8GY0ehFHEtaFQRSUYIveFVBqntcTaWTkfOwE8dZPFg7v6wAMJ1eBtsj36ZsivWT_oGxCtn0iwiQWgGZ5SFeXN2hlAuf_1qSmYy9n5nfooGkQ08Hpi6mwnXFeu2miFrd1iMXRDpvZQKRSRnE-881jrGw02YhRxSJRvfsCg3sUhEtaHTtoqG7WB5P77hOU830VM&amp;__tn__=%2ANK-R\" data-ft=\"{&quot;type&quot;:104,&quot;tn&quot;:&quot;*N&quot;}\"><span class=\"_5afx\"><span class=\"_58cl _5afz\" aria-label=\"hashtag\">#<\/span><span class=\"_58cm\">Sociedad<\/span><\/span><\/a>\u00a0en la actualidad.<\/p>\n<p>&nbsp;<\/p>\n<p><img loading=\"lazy\" class=\"alignnone size-medium wp-image-1564\" src=\"https:\/\/cecat.com.ar\/wp-content\/uploads\/2019\/10\/71269706_522027108627764_1200630465187282944_n-300x300.jpg\" alt=\"\" width=\"300\" height=\"300\" srcset=\"https:\/\/cecat.com.ar\/wp-content\/uploads\/2019\/10\/71269706_522027108627764_1200630465187282944_n-300x300.jpg 300w, https:\/\/cecat.com.ar\/wp-content\/uploads\/2019\/10\/71269706_522027108627764_1200630465187282944_n-150x150.jpg 150w, https:\/\/cecat.com.ar\/wp-content\/uploads\/2019\/10\/71269706_522027108627764_1200630465187282944_n-768x768.jpg 768w, https:\/\/cecat.com.ar\/wp-content\/uploads\/2019\/10\/71269706_522027108627764_1200630465187282944_n.jpg 960w\" sizes=\"(max-width: 300px) 100vw, 300px\" \/><img loading=\"lazy\" class=\"alignnone size-medium wp-image-1563\" src=\"https:\/\/cecat.com.ar\/wp-content\/uploads\/2019\/10\/71146587_522026991961109_1648962314302390272_n-300x300.jpg\" alt=\"\" width=\"300\" height=\"300\" srcset=\"https:\/\/cecat.com.ar\/wp-content\/uploads\/2019\/10\/71146587_522026991961109_1648962314302390272_n-300x300.jpg 300w, https:\/\/cecat.com.ar\/wp-content\/uploads\/2019\/10\/71146587_522026991961109_1648962314302390272_n-150x150.jpg 150w, https:\/\/cecat.com.ar\/wp-content\/uploads\/2019\/10\/71146587_522026991961109_1648962314302390272_n-768x768.jpg 768w, https:\/\/cecat.com.ar\/wp-content\/uploads\/2019\/10\/71146587_522026991961109_1648962314302390272_n.jpg 835w\" sizes=\"(max-width: 300px) 100vw, 300px\" \/><img loading=\"lazy\" class=\"alignnone wp-image-1568\" src=\"https:\/\/cecat.com.ar\/wp-content\/uploads\/2019\/10\/71965772_522566758573799_310678499465625600_n-300x200.jpg\" alt=\"\" width=\"446\" height=\"297\" srcset=\"https:\/\/cecat.com.ar\/wp-content\/uploads\/2019\/10\/71965772_522566758573799_310678499465625600_n-300x200.jpg 300w, https:\/\/cecat.com.ar\/wp-content\/uploads\/2019\/10\/71965772_522566758573799_310678499465625600_n-768x513.jpg 768w, https:\/\/cecat.com.ar\/wp-content\/uploads\/2019\/10\/71965772_522566758573799_310678499465625600_n.jpg 960w\" sizes=\"(max-width: 446px) 100vw, 446px\" \/><img loading=\"lazy\" class=\"alignnone size-medium wp-image-1570\" src=\"https:\/\/cecat.com.ar\/wp-content\/uploads\/2019\/10\/72410819_522027071961101_8722504603041529856_n-300x300.jpg\" alt=\"\" width=\"300\" height=\"300\" srcset=\"https:\/\/cecat.com.ar\/wp-content\/uploads\/2019\/10\/72410819_522027071961101_8722504603041529856_n-300x300.jpg 300w, https:\/\/cecat.com.ar\/wp-content\/uploads\/2019\/10\/72410819_522027071961101_8722504603041529856_n-150x150.jpg 150w, https:\/\/cecat.com.ar\/wp-content\/uploads\/2019\/10\/72410819_522027071961101_8722504603041529856_n-768x768.jpg 768w, https:\/\/cecat.com.ar\/wp-content\/uploads\/2019\/10\/72410819_522027071961101_8722504603041529856_n.jpg 945w\" sizes=\"(max-width: 300px) 100vw, 300px\" \/><\/p>\n","protected":false},"excerpt":{"rendered":"<p>El pasado viernes 27 de septiembre tuvimos el honor de recibir en el Cecat al reconocido periodista, escritor y ex diputado Miguel Bonasso quien dict\u00f3 una charla sobre &#8220;Periodismo Poder y Sociedad&#8221;. Al evento concurrieron: el Intendente de Concepci\u00f3n del Uruguay, Jos\u00e9 Eduardo Lauritto; su vice y actual intendente electo, Mart\u00edn Oliva; el viceintendente electo, [&hellip;]<\/p>\n","protected":false},"author":2,"featured_media":1571,"comment_status":"closed","ping_status":"open","sticky":false,"template":"","format":"standard","meta":{"_et_pb_use_builder":"","_et_pb_old_content":"","_et_gb_content_width":""},"categories":[8],"tags":[],"_links":{"self":[{"href":"https:\/\/cecat.com.ar\/index.php?rest_route=\/wp\/v2\/posts\/1561"}],"collection":[{"href":"https:\/\/cecat.com.ar\/index.php?rest_route=\/wp\/v2\/posts"}],"about":[{"href":"https:\/\/cecat.com.ar\/index.php?rest_route=\/wp\/v2\/types\/post"}],"author":[{"embeddable":true,"href":"https:\/\/cecat.com.ar\/index.php?rest_route=\/wp\/v2\/users\/2"}],"replies":[{"embeddable":true,"href":"https:\/\/cecat.com.ar\/index.php?rest_route=%2Fwp%2Fv2%2Fcomments&post=1561"}],"version-history":[{"count":2,"href":"https:\/\/cecat.com.ar\/index.php?rest_route=\/wp\/v2\/posts\/1561\/revisions"}],"predecessor-version":[{"id":1573,"href":"https:\/\/cecat.com.ar\/index.php?rest_route=\/wp\/v2\/posts\/1561\/revisions\/1573"}],"wp:featuredmedia":[{"embeddable":true,"href":"https:\/\/cecat.com.ar\/index.php?rest_route=\/wp\/v2\/media\/1571"}],"wp:attachment":[{"href":"https:\/\/cecat.com.ar\/index.php?rest_route=%2Fwp%2Fv2%2Fmedia&parent=1561"}],"wp:term":[{"taxonomy":"category","embeddable":true,"href":"https:\/\/cecat.com.ar\/index.php?rest_route=%2Fwp%2Fv2%2Fcategories&post=1561"},{"taxonomy":"post_tag","embeddable":true,"href":"https:\/\/cecat.com.ar\/index.php?rest_route=%2Fwp%2Fv2%2Ftags&post=1561"}],"curies":[{"name":"wp","href":"https:\/\/api.w.org\/{rel}","templated":true}]}}