{"id":1197,"date":"2019-04-11T16:35:02","date_gmt":"2019-04-11T16:35:02","guid":{"rendered":"http:\/\/cecat.com.ar\/?p=1197"},"modified":"2019-08-20T22:24:49","modified_gmt":"2019-08-20T22:24:49","slug":"capacitaciones-calidad-en-la-atencion-de-termas-y-spas","status":"publish","type":"post","link":"https:\/\/cecat.com.ar\/?p=1197","title":{"rendered":"Capacitaciones # Calidad en la Atenci\u00f3n de Termas y Spas"},"content":{"rendered":"<p>Este 9 y 10 de abril recibimos nuevamente en el\u00a0<a href=\"https:\/\/www.facebook.com\/cecat.entre.rios\/?__tn__=K-R&amp;eid=ARDPuUVyVXzJmiYnStFFIfDP_M2WsRzUUV0Ppcj7CiN6Ge8-dWlF3ZGp31WL7eIs9SZzPOc2H1Juzq5h&amp;fref=mentions&amp;__xts__%5B0%5D=68.ARAbDQuJgIeNwWFQB-cKhZBJW6Gph931FbOAfDl_8ej93VU4ml4z-9fdWblLLqNJn0IZMmnu9IglGPc7gC4Ae-MabNbG5Mfr9EJPE3aT7WNruVSslt30yg-eQ2vXb4AMqdL-QeZzaYA7VUUWG9c4DfOJWN-8AqDz2fNf-Rwh37SQBTCngSC6PrBW7vO5GooGuWsaqaCYCBaBmv91Qy9ge-OyaRbCb0H3drDLWZo2tWG0ckiFaAeZSxgvmtcJUpEKoGYOAq_tBYmNUFqszTmNs69vVUcL46bILZrlC0tZfUBcWcOcSdn7x1ogNrkdICCG6gBOlwnvXB8_oKuNopRCyI4\">CECAT &#8211; Centro de Capacitaci\u00f3n Tur\u00edstica<\/a>\u00a0a <strong>Teresita Van Strate,<\/strong> quien dict\u00f3 el Curso <strong>\u201cCalidad en la atenci\u00f3n de Termas y Spas.\u201d<\/strong> Con una din\u00e1mica y contenidos de gran riqueza tanto para prestadores del sector termal como para emprendedores y estudiantes.<br \/>\nEn el primer encuentro, la capacitadora desarroll\u00f3 las pautas de calidad en relaci\u00f3n a: dise\u00f1o, ambientaci\u00f3n y equipamiento de Termas y Spas, Recursos Humanos, atenci\u00f3n al cliente, manuales operativos y protocolo, procedimientos, comunicaci\u00f3n, manejo de quejas.<br \/>\nDurante el segundo encuentro Van Strate abord\u00f3 temas como: Circuitos dentro del Spa, c\u00f3mo elaborar un plan de comercializaci\u00f3n y rentabilidad de los Spas, nuevas tendencias del Wellness, y por \u00faltimo la calidad como herramienta de venta en las Termas y los Spas.<\/p>\n<p><img loading=\"lazy\" class=\"alignnone  wp-image-1200\" src=\"https:\/\/cecat.com.ar\/wp-content\/uploads\/2019\/04\/57034555_410275406469602_5213879259830943744_n-300x194.jpg\" alt=\"\" width=\"329\" height=\"213\" srcset=\"https:\/\/cecat.com.ar\/wp-content\/uploads\/2019\/04\/57034555_410275406469602_5213879259830943744_n-300x194.jpg 300w, https:\/\/cecat.com.ar\/wp-content\/uploads\/2019\/04\/57034555_410275406469602_5213879259830943744_n-768x497.jpg 768w, https:\/\/cecat.com.ar\/wp-content\/uploads\/2019\/04\/57034555_410275406469602_5213879259830943744_n.jpg 960w\" sizes=\"(max-width: 329px) 100vw, 329px\" \/>\u00a0 \u00a0<img loading=\"lazy\" class=\"alignnone size-medium wp-image-1199\" src=\"https:\/\/cecat.com.ar\/wp-content\/uploads\/2019\/04\/56749335_410275413136268_5607608459567562752_n-300x214.jpg\" alt=\"\" width=\"300\" height=\"214\" srcset=\"https:\/\/cecat.com.ar\/wp-content\/uploads\/2019\/04\/56749335_410275413136268_5607608459567562752_n-300x214.jpg 300w, https:\/\/cecat.com.ar\/wp-content\/uploads\/2019\/04\/56749335_410275413136268_5607608459567562752_n-768x549.jpg 768w, https:\/\/cecat.com.ar\/wp-content\/uploads\/2019\/04\/56749335_410275413136268_5607608459567562752_n-400x284.jpg 400w, https:\/\/cecat.com.ar\/wp-content\/uploads\/2019\/04\/56749335_410275413136268_5607608459567562752_n.jpg 960w\" sizes=\"(max-width: 300px) 100vw, 300px\" \/><\/p>\n","protected":false},"excerpt":{"rendered":"<p>Este 9 y 10 de abril recibimos nuevamente en el\u00a0CECAT &#8211; Centro de Capacitaci\u00f3n Tur\u00edstica\u00a0a Teresita Van Strate, quien dict\u00f3 el Curso \u201cCalidad en la atenci\u00f3n de Termas y Spas.\u201d Con una din\u00e1mica y contenidos de gran riqueza tanto para prestadores del sector termal como para emprendedores y estudiantes. En el primer encuentro, la capacitadora [&hellip;]<\/p>\n","protected":false},"author":2,"featured_media":1198,"comment_status":"closed","ping_status":"open","sticky":false,"template":"","format":"standard","meta":{"_et_pb_use_builder":"","_et_pb_old_content":"","_et_gb_content_width":""},"categories":[1],"tags":[],"_links":{"self":[{"href":"https:\/\/cecat.com.ar\/index.php?rest_route=\/wp\/v2\/posts\/1197"}],"collection":[{"href":"https:\/\/cecat.com.ar\/index.php?rest_route=\/wp\/v2\/posts"}],"about":[{"href":"https:\/\/cecat.com.ar\/index.php?rest_route=\/wp\/v2\/types\/post"}],"author":[{"embeddable":true,"href":"https:\/\/cecat.com.ar\/index.php?rest_route=\/wp\/v2\/users\/2"}],"replies":[{"embeddable":true,"href":"https:\/\/cecat.com.ar\/index.php?rest_route=%2Fwp%2Fv2%2Fcomments&post=1197"}],"version-history":[{"count":1,"href":"https:\/\/cecat.com.ar\/index.php?rest_route=\/wp\/v2\/posts\/1197\/revisions"}],"predecessor-version":[{"id":1201,"href":"https:\/\/cecat.com.ar\/index.php?rest_route=\/wp\/v2\/posts\/1197\/revisions\/1201"}],"wp:featuredmedia":[{"embeddable":true,"href":"https:\/\/cecat.com.ar\/index.php?rest_route=\/wp\/v2\/media\/1198"}],"wp:attachment":[{"href":"https:\/\/cecat.com.ar\/index.php?rest_route=%2Fwp%2Fv2%2Fmedia&parent=1197"}],"wp:term":[{"taxonomy":"category","embeddable":true,"href":"https:\/\/cecat.com.ar\/index.php?rest_route=%2Fwp%2Fv2%2Fcategories&post=1197"},{"taxonomy":"post_tag","embeddable":true,"href":"https:\/\/cecat.com.ar\/index.php?rest_route=%2Fwp%2Fv2%2Ftags&post=1197"}],"curies":[{"name":"wp","href":"https:\/\/api.w.org\/{rel}","templated":true}]}}