{"id":1163,"date":"2019-03-11T16:28:37","date_gmt":"2019-03-11T16:28:37","guid":{"rendered":"http:\/\/cecat.com.ar\/?p=1163"},"modified":"2019-08-21T13:44:31","modified_gmt":"2019-08-21T13:44:31","slug":"inscripciones-abril-calidad-en-la-atencion-de-termas-y-spas","status":"publish","type":"post","link":"https:\/\/cecat.com.ar\/?p=1163","title":{"rendered":"Inscripciones Abril #Calidad en la Atenci\u00f3n de Termas y Spas"},"content":{"rendered":"<p>Los invitamos a participar del Curso: <strong>Calidad en la Atenci\u00f3n de Termas y Spas. <\/strong>Se dictar\u00e1 en el CECAT, los d\u00edas <strong>martes 9 de abril de 17 a 21 hs y mi\u00e9rcoles 10 de abril de 9 a 13 hs<\/strong>, a cargo de la Licenciada <strong>Teresita Van Strate.<\/strong><\/p>\n<p>El <strong>curso es totalmente gratuito <\/strong>y est\u00e1 dirigido a:<\/p>\n<ul>\n<li>Empresarios y emprendedores ligados a las Termas y Spas,<\/li>\n<li>Empleados del sector,<\/li>\n<li>Estudiantes de interesados en la tem\u00e1tica Termas y Spas y Turismo de Bienestar.<\/li>\n<\/ul>\n<p>Este curso est\u00e1 conformado por <strong>2 encuentros<\/strong>. <strong>Se emitir\u00e1n certificados a aquellos que hayan asistido a las 2 instancias.\u00a0<\/strong><\/p>\n<p>Los interesados ya pueden inscribirse a trav\u00e9s de la web del CECAT: <a href=\"https:\/\/www.cecat.com.ar\">www.cecat.com.ar<\/a>, entrando al \u201cCentro de Inscripci\u00f3n\u201d. Los <strong>cupos son limitados<\/strong> por lo que solicitamos se inscriban aquellos que tengan certeza de poder asistir. <em>\u00a0<\/em><\/p>\n<p>La docente a cargo es Licenciada en Turismo, especializada en Turismo de Salud y Bienestar, (Wellness, Termalismo y Talasoterapia), con formaci\u00f3n en el pa\u00eds y en el exterior. Con m\u00e1s de 25 a\u00f1os de trayectoria en la actividad tur\u00edstica Nacional e Internacional en el \u00e1mbito Privado y P\u00fablico.\u00a0Directora de TVS Asesor\u00edas t\u00e9cnicas. Delegada para Argentina, Uruguay, Paraguay y Bolivia en Termatalia. Capacitadora de FEHGRA, fue Secretaria Municipal de Turismo de Concordia y Presidente del Ente Mixto Concordiense de Turismo.<\/p>\n<p><strong>\u00a0<\/strong><\/p>\n<p>&nbsp;<\/p>\n<p>&nbsp;<\/p>\n<p>&nbsp;<\/p>\n","protected":false},"excerpt":{"rendered":"<p>Los invitamos a participar del Curso: Calidad en la Atenci\u00f3n de Termas y Spas. Se dictar\u00e1 en el CECAT, los d\u00edas martes 9 de abril de 17 a 21 hs y mi\u00e9rcoles 10 de abril de 9 a 13 hs, a cargo de la Licenciada Teresita Van Strate. El curso es totalmente gratuito y est\u00e1 [&hellip;]<\/p>\n","protected":false},"author":2,"featured_media":1164,"comment_status":"closed","ping_status":"open","sticky":false,"template":"","format":"standard","meta":{"_et_pb_use_builder":"","_et_pb_old_content":"","_et_gb_content_width":""},"categories":[1],"tags":[],"_links":{"self":[{"href":"https:\/\/cecat.com.ar\/index.php?rest_route=\/wp\/v2\/posts\/1163"}],"collection":[{"href":"https:\/\/cecat.com.ar\/index.php?rest_route=\/wp\/v2\/posts"}],"about":[{"href":"https:\/\/cecat.com.ar\/index.php?rest_route=\/wp\/v2\/types\/post"}],"author":[{"embeddable":true,"href":"https:\/\/cecat.com.ar\/index.php?rest_route=\/wp\/v2\/users\/2"}],"replies":[{"embeddable":true,"href":"https:\/\/cecat.com.ar\/index.php?rest_route=%2Fwp%2Fv2%2Fcomments&post=1163"}],"version-history":[{"count":1,"href":"https:\/\/cecat.com.ar\/index.php?rest_route=\/wp\/v2\/posts\/1163\/revisions"}],"predecessor-version":[{"id":1165,"href":"https:\/\/cecat.com.ar\/index.php?rest_route=\/wp\/v2\/posts\/1163\/revisions\/1165"}],"wp:featuredmedia":[{"embeddable":true,"href":"https:\/\/cecat.com.ar\/index.php?rest_route=\/wp\/v2\/media\/1164"}],"wp:attachment":[{"href":"https:\/\/cecat.com.ar\/index.php?rest_route=%2Fwp%2Fv2%2Fmedia&parent=1163"}],"wp:term":[{"taxonomy":"category","embeddable":true,"href":"https:\/\/cecat.com.ar\/index.php?rest_route=%2Fwp%2Fv2%2Fcategories&post=1163"},{"taxonomy":"post_tag","embeddable":true,"href":"https:\/\/cecat.com.ar\/index.php?rest_route=%2Fwp%2Fv2%2Ftags&post=1163"}],"curies":[{"name":"wp","href":"https:\/\/api.w.org\/{rel}","templated":true}]}}