{"id":1152,"date":"2019-03-29T16:16:28","date_gmt":"2019-03-29T16:16:28","guid":{"rendered":"http:\/\/cecat.com.ar\/?p=1152"},"modified":"2019-08-21T12:14:30","modified_gmt":"2019-08-21T12:14:30","slug":"capacitaciones-las-termas-y-los-spas-las-aguas-y-otros-recursos-naturales","status":"publish","type":"post","link":"https:\/\/cecat.com.ar\/?p=1152","title":{"rendered":"Capacitaciones #Las Termas y los Spas. Las aguas y otros recursos naturales."},"content":{"rendered":"<p>En las jornadas del 27 y 28 de marzo, tuvimos el placer de contar en el\u00a0<a href=\"https:\/\/www.facebook.com\/cecat.entre.rios\/?__xts__%5B0%5D=68.ARAM4uNdMwmXtZohas39K3IRmUynRYOP0Kg8EVziehPDBHHUVmbIHt-xWbV8OA1OauRxEqTGLlfqSkwbJgfmEflDPNLfGEOA-J4OtuL9Q7LjB4EfVHEaV44F7LnyJYr6HtdONUF0YNJQ_IX5oB8O_KLGwKHkRgbWI7k8Nc2Mqdx3NrAO5ENC5-fn5VKHOSnj6nA-Is29Pc90mpYzyjSOYWA7cNu1WzA1COK0myOGvjsfMsr29VoC1FIE6jzRVI6m8IV8ibKLP5Sjye9maJQUcvAyM5gmldxEqM5j5zCewyogxXNxyvVWbWG7FGadmfUfirhur77jSxupBM2rPSFaUxk&amp;__xts__%5B1%5D=68.ARDqVfdOpW7EAUI6Kpi4PQFTU-h-HQiul_TAOZuFL3Yxx6rAsr2e7uF4S9jRdALeOg_LV4nt7TEozOpmRjsIVKyRjsWQCznz9I1HcvFux3PYv4dK5BijlcZqQE2jQVSUxJ_PmDv3SfFNHAzOoBFJ2zeR8eS_bu2H1Oi3Pcg4rwSxRMCRI_S6csOEi0KzE8h_tZMEGOfQSzRXRI0zcdOz7uM4r80MSo_hoLeaV_4xuv0kum6BV8zevDTUXX2RXTVrcQcccFyV6tIE4X4Rd83x-_CGXs4FIWmCh53H-YTMggPgGTDCbYDdMSuSfgPFdu2zl67JxKVCibsv9HfIPJoOKw8&amp;__tn__=K-R&amp;eid=ARAIxZZXo-O36JuP4shF645Z3VvtRzKPW5ZlH31Gu382cHDNdJl6ocQoaoMVzpPAzAMiY3ErRzcZo3j5&amp;fref=mentions\">CECAT &#8211; Centro de Capacitaci\u00f3n Tur\u00edstica<\/a>\u00a0con <strong>Teresita Van Strate<\/strong>, Lic. En Turismo y una de las referentes en materia de Termalismo y Wellness a nivel nacional e internacional; quien dict\u00f3 el Curso <strong>\u201cLas Termas y los Spas. Las aguas y otros recursos naturales.\u201d<\/strong><\/p>\n<p>A lo largo de ambas instancias la oradora abord\u00f3 temas como: los diferentes tipos de aguas, sus usos y aplicaciones a nivel mundial; tratamientos termales, hidrokinesioterapia, aguas medicinales, fangoterapia, algoterapia, aguas madre, talasoterapia; el concepto de wellness, dise\u00f1o y calidad en instalaciones y equipamientos de spas y complejos termales, recursos humanos, la correcta elecci\u00f3n del personal, \u00e1reas y organigrama; el Turismo de Salud y Bienestar como herramienta de desarrollo local.<\/p>\n<p>Van Strate, volver\u00e1 a estar presente en el Cecat en abril con el curso \u201cCalidad en Termas y Spas\u201d donde se pondr\u00e1 el foco en la calidad de los servicios.<\/p>\n<p><img loading=\"lazy\" class=\"alignnone  wp-image-1154\" src=\"https:\/\/cecat.com.ar\/wp-content\/uploads\/2019\/04\/54729309_402936930536783_7794998602924818432_n-300x225.jpg\" alt=\"\" width=\"228\" height=\"171\" srcset=\"https:\/\/cecat.com.ar\/wp-content\/uploads\/2019\/04\/54729309_402936930536783_7794998602924818432_n-300x225.jpg 300w, https:\/\/cecat.com.ar\/wp-content\/uploads\/2019\/04\/54729309_402936930536783_7794998602924818432_n-768x576.jpg 768w, https:\/\/cecat.com.ar\/wp-content\/uploads\/2019\/04\/54729309_402936930536783_7794998602924818432_n-510x382.jpg 510w, https:\/\/cecat.com.ar\/wp-content\/uploads\/2019\/04\/54729309_402936930536783_7794998602924818432_n.jpg 960w\" sizes=\"(max-width: 228px) 100vw, 228px\" \/>\u00a0 \u00a0<img loading=\"lazy\" class=\"alignnone wp-image-1156\" src=\"https:\/\/cecat.com.ar\/wp-content\/uploads\/2019\/04\/55575590_402936877203455_6446465909493071872_n-300x225.jpg\" alt=\"\" width=\"227\" height=\"170\" srcset=\"https:\/\/cecat.com.ar\/wp-content\/uploads\/2019\/04\/55575590_402936877203455_6446465909493071872_n-300x225.jpg 300w, https:\/\/cecat.com.ar\/wp-content\/uploads\/2019\/04\/55575590_402936877203455_6446465909493071872_n-768x576.jpg 768w, https:\/\/cecat.com.ar\/wp-content\/uploads\/2019\/04\/55575590_402936877203455_6446465909493071872_n-510x382.jpg 510w, https:\/\/cecat.com.ar\/wp-content\/uploads\/2019\/04\/55575590_402936877203455_6446465909493071872_n.jpg 960w\" sizes=\"(max-width: 227px) 100vw, 227px\" \/>\u00a0 \u00a0<img loading=\"lazy\" class=\"alignnone wp-image-1157\" src=\"https:\/\/cecat.com.ar\/wp-content\/uploads\/2019\/04\/55823839_402936907203452_2207470485560623104_n-300x300.jpg\" alt=\"\" width=\"169\" height=\"169\" srcset=\"https:\/\/cecat.com.ar\/wp-content\/uploads\/2019\/04\/55823839_402936907203452_2207470485560623104_n-300x300.jpg 300w, https:\/\/cecat.com.ar\/wp-content\/uploads\/2019\/04\/55823839_402936907203452_2207470485560623104_n-150x150.jpg 150w, https:\/\/cecat.com.ar\/wp-content\/uploads\/2019\/04\/55823839_402936907203452_2207470485560623104_n-768x768.jpg 768w, https:\/\/cecat.com.ar\/wp-content\/uploads\/2019\/04\/55823839_402936907203452_2207470485560623104_n.jpg 960w\" sizes=\"(max-width: 169px) 100vw, 169px\" \/><\/p>\n<p>&nbsp;<\/p>\n","protected":false},"excerpt":{"rendered":"<p>En las jornadas del 27 y 28 de marzo, tuvimos el placer de contar en el\u00a0CECAT &#8211; Centro de Capacitaci\u00f3n Tur\u00edstica\u00a0con Teresita Van Strate, Lic. En Turismo y una de las referentes en materia de Termalismo y Wellness a nivel nacional e internacional; quien dict\u00f3 el Curso \u201cLas Termas y los Spas. Las aguas y [&hellip;]<\/p>\n","protected":false},"author":2,"featured_media":1155,"comment_status":"closed","ping_status":"open","sticky":false,"template":"","format":"standard","meta":{"_et_pb_use_builder":"","_et_pb_old_content":"","_et_gb_content_width":""},"categories":[1],"tags":[],"_links":{"self":[{"href":"https:\/\/cecat.com.ar\/index.php?rest_route=\/wp\/v2\/posts\/1152"}],"collection":[{"href":"https:\/\/cecat.com.ar\/index.php?rest_route=\/wp\/v2\/posts"}],"about":[{"href":"https:\/\/cecat.com.ar\/index.php?rest_route=\/wp\/v2\/types\/post"}],"author":[{"embeddable":true,"href":"https:\/\/cecat.com.ar\/index.php?rest_route=\/wp\/v2\/users\/2"}],"replies":[{"embeddable":true,"href":"https:\/\/cecat.com.ar\/index.php?rest_route=%2Fwp%2Fv2%2Fcomments&post=1152"}],"version-history":[{"count":3,"href":"https:\/\/cecat.com.ar\/index.php?rest_route=\/wp\/v2\/posts\/1152\/revisions"}],"predecessor-version":[{"id":1203,"href":"https:\/\/cecat.com.ar\/index.php?rest_route=\/wp\/v2\/posts\/1152\/revisions\/1203"}],"wp:featuredmedia":[{"embeddable":true,"href":"https:\/\/cecat.com.ar\/index.php?rest_route=\/wp\/v2\/media\/1155"}],"wp:attachment":[{"href":"https:\/\/cecat.com.ar\/index.php?rest_route=%2Fwp%2Fv2%2Fmedia&parent=1152"}],"wp:term":[{"taxonomy":"category","embeddable":true,"href":"https:\/\/cecat.com.ar\/index.php?rest_route=%2Fwp%2Fv2%2Fcategories&post=1152"},{"taxonomy":"post_tag","embeddable":true,"href":"https:\/\/cecat.com.ar\/index.php?rest_route=%2Fwp%2Fv2%2Ftags&post=1152"}],"curies":[{"name":"wp","href":"https:\/\/api.w.org\/{rel}","templated":true}]}}