{"id":1140,"date":"2019-03-15T15:58:36","date_gmt":"2019-03-15T15:58:36","guid":{"rendered":"http:\/\/cecat.com.ar\/?p=1140"},"modified":"2019-08-21T12:14:49","modified_gmt":"2019-08-21T12:14:49","slug":"capacitaciones-productos-turisticos-provinciales-termas","status":"publish","type":"post","link":"https:\/\/cecat.com.ar\/?p=1140","title":{"rendered":"Capacitaciones #Productos Tur\u00edsticos Provinciales. Termas"},"content":{"rendered":"<p>El 14 de marzo, se llev\u00f3 a cabo en el\u00a0<a href=\"https:\/\/www.facebook.com\/cecat.entre.rios\/?__tn__=K-R&amp;eid=ARDKF2EV6musN77ctj0rLGA_MTZ9aERMovXJGxx2nGZHf8iFq5gkPen7pK3v88H38-UzcgDDleVpoJ7X&amp;fref=mentions&amp;__xts__%5B0%5D=68.ARDWTAFq3R6KthP52adam01QEEC_gnlH3-WzxdQRr-KeqJbLbtRsSTsWoFN5KLMT_l7C_T9M7QQwZ8TyJ1IN_jkB6xLkAMLfy92Adfy_esb6YLHX2O6xhHvvlKzn1DrGHhEuXjUEMjDNNofkuwTHq_GD_deRJP1PnKiZQKoAqTkzkSDoxkm-ahZsr2q_8WlWbPtb4VkQBYlx2gN4-EGV0uZ8NVWcLnRRNrjb21iArTP1VWMuJ8G1RP1lSVszWRbFLEya52wbnpONSpJy_fRU4inl6tL812o8EzQA0ObOchO7lBx5YMPSVgQzDyy3YQxDpf2yczVUMnDrEPL-a5qSJHE\">CECAT &#8211; Centro de Capacitaci\u00f3n Tur\u00edstica<\/a>\u00a0la charla <strong>&#8220;Productos Tur\u00edsticos Provinciales, Termas&#8221;<\/strong>; a cargo de la <strong>Licenciada M\u00f3nica Beber,<\/strong> Directora de Productos Tur\u00edsticos de la Secretar\u00eda de Turismo y Cultura de la Provincia.<\/p>\n<p>La docente introdujo a los participantes en el mundo termal, realizando un recorrido por la historia de las Termas, sus caracter\u00edsticas y los circuitos termales de la Provincia. Al finalizar se entregaron certificados a los asistentes.<\/p>\n<p>Esta charla forma parte de un Ciclo de Charlas que la misma docente dictar\u00e1 en el Cecat sobre los diferentes <strong>Productos Tur\u00edsticos Provinciales.<\/strong><\/p>\n<p><img loading=\"lazy\" class=\"alignnone size-medium wp-image-1141\" src=\"https:\/\/cecat.com.ar\/wp-content\/uploads\/2019\/04\/53738175_395495864614223_8876060812133793792_n-300x172.jpg\" alt=\"\" width=\"300\" height=\"172\" srcset=\"https:\/\/cecat.com.ar\/wp-content\/uploads\/2019\/04\/53738175_395495864614223_8876060812133793792_n-300x172.jpg 300w, https:\/\/cecat.com.ar\/wp-content\/uploads\/2019\/04\/53738175_395495864614223_8876060812133793792_n-768x440.jpg 768w, https:\/\/cecat.com.ar\/wp-content\/uploads\/2019\/04\/53738175_395495864614223_8876060812133793792_n.jpg 960w\" sizes=\"(max-width: 300px) 100vw, 300px\" \/>\u00a0 \u00a0<img loading=\"lazy\" class=\"alignnone  wp-image-1143\" src=\"https:\/\/cecat.com.ar\/wp-content\/uploads\/2019\/04\/54436859_395495214614288_3081424080356769792_n-1-300x169.jpg\" alt=\"\" width=\"304\" height=\"171\" srcset=\"https:\/\/cecat.com.ar\/wp-content\/uploads\/2019\/04\/54436859_395495214614288_3081424080356769792_n-1-300x169.jpg 300w, https:\/\/cecat.com.ar\/wp-content\/uploads\/2019\/04\/54436859_395495214614288_3081424080356769792_n-1-768x432.jpg 768w, https:\/\/cecat.com.ar\/wp-content\/uploads\/2019\/04\/54436859_395495214614288_3081424080356769792_n-1.jpg 960w\" sizes=\"(max-width: 304px) 100vw, 304px\" \/><\/p>\n<p>&nbsp;<\/p>\n","protected":false},"excerpt":{"rendered":"<p>El 14 de marzo, se llev\u00f3 a cabo en el\u00a0CECAT &#8211; Centro de Capacitaci\u00f3n Tur\u00edstica\u00a0la charla &#8220;Productos Tur\u00edsticos Provinciales, Termas&#8221;; a cargo de la Licenciada M\u00f3nica Beber, Directora de Productos Tur\u00edsticos de la Secretar\u00eda de Turismo y Cultura de la Provincia. La docente introdujo a los participantes en el mundo termal, realizando un recorrido por [&hellip;]<\/p>\n","protected":false},"author":2,"featured_media":1142,"comment_status":"closed","ping_status":"open","sticky":false,"template":"","format":"standard","meta":{"_et_pb_use_builder":"","_et_pb_old_content":"","_et_gb_content_width":""},"categories":[1],"tags":[],"_links":{"self":[{"href":"https:\/\/cecat.com.ar\/index.php?rest_route=\/wp\/v2\/posts\/1140"}],"collection":[{"href":"https:\/\/cecat.com.ar\/index.php?rest_route=\/wp\/v2\/posts"}],"about":[{"href":"https:\/\/cecat.com.ar\/index.php?rest_route=\/wp\/v2\/types\/post"}],"author":[{"embeddable":true,"href":"https:\/\/cecat.com.ar\/index.php?rest_route=\/wp\/v2\/users\/2"}],"replies":[{"embeddable":true,"href":"https:\/\/cecat.com.ar\/index.php?rest_route=%2Fwp%2Fv2%2Fcomments&post=1140"}],"version-history":[{"count":1,"href":"https:\/\/cecat.com.ar\/index.php?rest_route=\/wp\/v2\/posts\/1140\/revisions"}],"predecessor-version":[{"id":1145,"href":"https:\/\/cecat.com.ar\/index.php?rest_route=\/wp\/v2\/posts\/1140\/revisions\/1145"}],"wp:featuredmedia":[{"embeddable":true,"href":"https:\/\/cecat.com.ar\/index.php?rest_route=\/wp\/v2\/media\/1142"}],"wp:attachment":[{"href":"https:\/\/cecat.com.ar\/index.php?rest_route=%2Fwp%2Fv2%2Fmedia&parent=1140"}],"wp:term":[{"taxonomy":"category","embeddable":true,"href":"https:\/\/cecat.com.ar\/index.php?rest_route=%2Fwp%2Fv2%2Fcategories&post=1140"},{"taxonomy":"post_tag","embeddable":true,"href":"https:\/\/cecat.com.ar\/index.php?rest_route=%2Fwp%2Fv2%2Ftags&post=1140"}],"curies":[{"name":"wp","href":"https:\/\/api.w.org\/{rel}","templated":true}]}}