{"id":1123,"date":"2019-03-13T15:32:04","date_gmt":"2019-03-13T15:32:04","guid":{"rendered":"http:\/\/cecat.com.ar\/?p=1123"},"modified":"2019-04-11T15:47:53","modified_gmt":"2019-04-11T15:47:53","slug":"encuentro-de-secretarios-de-turismo-y-directores-de-la-costa-del-uruguay","status":"publish","type":"post","link":"https:\/\/cecat.com.ar\/?p=1123","title":{"rendered":"Encuentro de Secretarios de Turismo y Directores de la Costa del Uruguay"},"content":{"rendered":"<p>En las instalaciones del\u00a0<a href=\"https:\/\/www.facebook.com\/cecat.entre.rios\/?__tn__=K-R&amp;eid=ARDtGZduu-mnQBW_G8tFhBldG27JIR4MpVNsbn9DUfXwyRwYSZGD5cyBd1cEmj9C_S9JB6MvuJcnDzBr&amp;fref=mentions&amp;__xts__%5B0%5D=68.ARC55KuUNb4uJVMvZ18bgbxpTtwOC1NVwKgve7kRWL5AvbaAZWCE_jrTS4YIkLiRGoeySKZFyvt2qikStdYqvnQA8NQO9jYsy4qciP_IfsY4Gt-iQvVYRCax6wecxcyHMe-RbgNlj5a9DiCeYTz9Mx27vdDHFXPh7a-5dFIlvMv1E_M8ykneWG2lpWcSpKsPKOBf-QF6TCNXZ-9viGPHdfA3F_mcwrxJA8u1najmX9o2uljR2T8ZAqa503nY1PoFTMGb92tqnbiY1_mNhWPiZ3yFXbuLlNTZXbL0ZE0KEhMEvL195CpL_gYmsj9KER_b5MO8muehjk1-S4PoNacwMZA\">CECAT &#8211; Centro de Capacitaci\u00f3n Tur\u00edstica<\/a>\u00a0se llev\u00f3 a cabo el 13 de marzo, una reuni\u00f3n de Secretarios de Turismo y Directores de la Costa del Uruguay donde participaron las localidades de Concepci\u00f3n del Uruguay, Col\u00f3n, San Jos\u00e9, Villa Elisa, Federaci\u00f3n, Ubajay y Chajar\u00ed.<\/p>\n<p>Los temas abordados fueron: La evaluaci\u00f3n de la temporada estival, las homologaciones a entregar, las promociones que se est\u00e1n realizando y las estrategias de promoci\u00f3n para la temporada baja. El encuentro se desarroll\u00f3 en un marco de camarader\u00eda y compa\u00f1erismo.<\/p>\n<p><img loading=\"lazy\" class=\"alignnone size-medium wp-image-1125\" src=\"https:\/\/cecat.com.ar\/wp-content\/uploads\/2019\/04\/IMG-20190411-WA0037-300x169.jpg\" alt=\"\" width=\"300\" height=\"169\" srcset=\"https:\/\/cecat.com.ar\/wp-content\/uploads\/2019\/04\/IMG-20190411-WA0037-300x169.jpg 300w, https:\/\/cecat.com.ar\/wp-content\/uploads\/2019\/04\/IMG-20190411-WA0037-768x432.jpg 768w, https:\/\/cecat.com.ar\/wp-content\/uploads\/2019\/04\/IMG-20190411-WA0037.jpg 960w\" sizes=\"(max-width: 300px) 100vw, 300px\" \/>\u00a0 \u00a0\u00a0<img loading=\"lazy\" class=\"alignnone size-medium wp-image-1124\" src=\"https:\/\/cecat.com.ar\/wp-content\/uploads\/2019\/04\/IMG-20190411-WA0036-300x169.jpg\" alt=\"\" width=\"300\" height=\"169\" srcset=\"https:\/\/cecat.com.ar\/wp-content\/uploads\/2019\/04\/IMG-20190411-WA0036-300x169.jpg 300w, https:\/\/cecat.com.ar\/wp-content\/uploads\/2019\/04\/IMG-20190411-WA0036-768x432.jpg 768w, https:\/\/cecat.com.ar\/wp-content\/uploads\/2019\/04\/IMG-20190411-WA0036.jpg 960w\" sizes=\"(max-width: 300px) 100vw, 300px\" \/><\/p>\n","protected":false},"excerpt":{"rendered":"<p>En las instalaciones del\u00a0CECAT &#8211; Centro de Capacitaci\u00f3n Tur\u00edstica\u00a0se llev\u00f3 a cabo el 13 de marzo, una reuni\u00f3n de Secretarios de Turismo y Directores de la Costa del Uruguay donde participaron las localidades de Concepci\u00f3n del Uruguay, Col\u00f3n, San Jos\u00e9, Villa Elisa, Federaci\u00f3n, Ubajay y Chajar\u00ed. Los temas abordados fueron: La evaluaci\u00f3n de la temporada [&hellip;]<\/p>\n","protected":false},"author":2,"featured_media":1126,"comment_status":"closed","ping_status":"open","sticky":false,"template":"","format":"standard","meta":{"_et_pb_use_builder":"","_et_pb_old_content":"","_et_gb_content_width":""},"categories":[8],"tags":[],"_links":{"self":[{"href":"https:\/\/cecat.com.ar\/index.php?rest_route=\/wp\/v2\/posts\/1123"}],"collection":[{"href":"https:\/\/cecat.com.ar\/index.php?rest_route=\/wp\/v2\/posts"}],"about":[{"href":"https:\/\/cecat.com.ar\/index.php?rest_route=\/wp\/v2\/types\/post"}],"author":[{"embeddable":true,"href":"https:\/\/cecat.com.ar\/index.php?rest_route=\/wp\/v2\/users\/2"}],"replies":[{"embeddable":true,"href":"https:\/\/cecat.com.ar\/index.php?rest_route=%2Fwp%2Fv2%2Fcomments&post=1123"}],"version-history":[{"count":2,"href":"https:\/\/cecat.com.ar\/index.php?rest_route=\/wp\/v2\/posts\/1123\/revisions"}],"predecessor-version":[{"id":1129,"href":"https:\/\/cecat.com.ar\/index.php?rest_route=\/wp\/v2\/posts\/1123\/revisions\/1129"}],"wp:featuredmedia":[{"embeddable":true,"href":"https:\/\/cecat.com.ar\/index.php?rest_route=\/wp\/v2\/media\/1126"}],"wp:attachment":[{"href":"https:\/\/cecat.com.ar\/index.php?rest_route=%2Fwp%2Fv2%2Fmedia&parent=1123"}],"wp:term":[{"taxonomy":"category","embeddable":true,"href":"https:\/\/cecat.com.ar\/index.php?rest_route=%2Fwp%2Fv2%2Fcategories&post=1123"},{"taxonomy":"post_tag","embeddable":true,"href":"https:\/\/cecat.com.ar\/index.php?rest_route=%2Fwp%2Fv2%2Ftags&post=1123"}],"curies":[{"name":"wp","href":"https:\/\/api.w.org\/{rel}","templated":true}]}}